{"id":9912,"date":"2022-05-19T12:34:50","date_gmt":"2022-05-19T10:34:50","guid":{"rendered":"https:\/\/progroupe.net\/?p=9912"},"modified":"2022-12-01T10:46:51","modified_gmt":"2022-12-01T09:46:51","slug":"vegetacia-prirodzene-prostredie-vodnych-tokov","status":"publish","type":"post","link":"https:\/\/progroupe.net\/sk\/vegetacia-prirodzene-prostredie-vodnych-tokov\/","title":{"rendered":"Prirodzen\u00e9 prostredie vodn\u00fdch tokov &#8211; veget\u00e1cia"},"content":{"rendered":"<p><span style=\"font-weight: 400;\">Veget\u00e1cia rast\u00faca pozd\u013a\u017e vodn\u00fdch tokov pln\u00ed v krajine v\u00fdznamn\u00fa \u00falohu. Je biotopom, ktor\u00fd \u017eivo\u010d\u00edchom pon\u00faka potravu,\u00a0 bezpe\u010dn\u00fd \u00fakryt, a mnoh\u00fdm druhom mo\u017enosti rozmno\u017eovania. Okrem t\u00fdchto funkci\u00ed sp\u00e1jan\u00edm viacer\u00fdch odli\u0161n\u00fdch pr\u00edrodn\u00fdch biotopov (biocentier) pln\u00ed \u00falohu biokoridoru, ktor\u00fdm organizmy migruj\u00fa a okrem in\u00e9ho, maj\u00fa mo\u017enos\u0165 pr\u00eds\u0165 do kontaktu s inou popul\u00e1ciou. T\u00e1to funkcia je ve\u013emi d\u00f4le\u017eit\u00e1 najm\u00e4 v intenz\u00edvne vyu\u017e\u00edvanej krajine.<\/span><\/p>\n<p><span style=\"font-weight: 400;\">Veget\u00e1cia tie\u017e pom\u00e1ha stabilizova\u0165 brehy, teda chr\u00e1ni ich pred er\u00f3ziou, od\u010derp\u00e1va \u017eiviny a \u010dist\u00ed vodu . Bakt\u00e9rie na kore\u0148och rastl\u00edn zas eliminuj\u00fa dusi\u010dnany poch\u00e1dzaj\u00face z hnojenia pol\u00ed, \u010d\u00edm chr\u00e1nia kvalitu vody.\u00a0\u00a0\u00a0<\/span><\/p>\n<p><span style=\"font-weight: 400;\">V pr\u00edpade, \u017ee koryto vodn\u00e9ho toku je ve\u013emi \u00fazke, zarastenie veget\u00e1ciou m\u00f4\u017ee sp\u00f4sobova\u0165 \u010dast\u00e9 zaplavovanie \u00fazemia. Ak je vodn\u00fd tok dostato\u010dne \u0161irok\u00fd, v\u00fdskyt veget\u00e1cie pozd\u013a\u017e toku m\u00e1 na z\u00e1plavy zanedbate\u013en\u00fd vplyv. V prvom pr\u00edpade je pravideln\u00e9 rozsiahle odstra\u0148ovanie veget\u00e1cie opodstatnen\u00e9, av\u0161ak v druhom pr\u00edpade, ak je potrebn\u00e9 zn\u00ed\u017ei\u0165 riziko z\u00e1plavy okolit\u00fdch pozemkov, v mnoh\u00fdch pr\u00edpadoch posta\u010duje selekt\u00edvne kosenie veget\u00e1cie vodnej plochy s ponechan\u00edm s\u00ednusoidn\u00e9ho prietoku stredom koryta. Tak\u00e1to <a href=\"https:\/\/progroupe.net\/sk\/service\/specialna-udrzba\/\">\u00fadr\u017eba<\/a> umo\u017e\u0148uje vo\u013en\u00fd prietok aj v pr\u00edpade zv\u00fd\u0161en\u00e9ho stavu vodnej hladiny a z\u00e1rove\u0148 udr\u017eiava vysok\u00fd stupe\u0148 biodiverzity a v\u00fdrazne zni\u017euje er\u00f3ziu brehov.<\/span><\/p>\n<p><span style=\"font-weight: 400;\">Odstr\u00e1nenie celej veget\u00e1cie m\u00f4\u017ee zn\u00ed\u017ei\u0165 riziko z\u00e1plav v danej lokalite, ale v mnoh\u00fdch pr\u00edpadoch naopak zv\u00fd\u0161i riziko v ni\u017e\u0161\u00edch \u00fasekoch.<\/span><\/p>\n","protected":false},"excerpt":{"rendered":"<p>Veget\u00e1cia rast\u00faca pozd\u013a\u017e vodn\u00fdch tokov pln\u00ed v krajine v\u00fdznamn\u00fa \u00falohu. Je biotopom, ktor\u00fd \u017eivo\u010d\u00edchom pon\u00faka potravu,\u00a0 bezpe\u010dn\u00fd \u00fakryt, a mnoh\u00fdm druhom mo\u017enosti rozmno\u017eovania. Okrem t\u00fdchto funkci\u00ed sp\u00e1jan\u00edm viacer\u00fdch odli\u0161n\u00fdch pr\u00edrodn\u00fdch biotopov (biocentier) pln\u00ed \u00falohu biokoridoru, ktor\u00fdm organizmy migruj\u00fa a okrem in\u00e9ho, maj\u00fa mo\u017enos\u0165 pr\u00eds\u0165 do kontaktu s inou popul\u00e1ciou. T\u00e1to funkcia je ve\u013emi d\u00f4le\u017eit\u00e1 najm\u00e4<\/p>\n","protected":false},"author":2,"featured_media":9886,"comment_status":"closed","ping_status":"open","sticky":false,"template":"","format":"standard","meta":[],"categories":[178,117],"tags":[],"_links":{"self":[{"href":"https:\/\/progroupe.net\/sk\/wp-json\/wp\/v2\/posts\/9912"}],"collection":[{"href":"https:\/\/progroupe.net\/sk\/wp-json\/wp\/v2\/posts"}],"about":[{"href":"https:\/\/progroupe.net\/sk\/wp-json\/wp\/v2\/types\/post"}],"author":[{"embeddable":true,"href":"https:\/\/progroupe.net\/sk\/wp-json\/wp\/v2\/users\/2"}],"replies":[{"embeddable":true,"href":"https:\/\/progroupe.net\/sk\/wp-json\/wp\/v2\/comments?post=9912"}],"version-history":[{"count":4,"href":"https:\/\/progroupe.net\/sk\/wp-json\/wp\/v2\/posts\/9912\/revisions"}],"predecessor-version":[{"id":10143,"href":"https:\/\/progroupe.net\/sk\/wp-json\/wp\/v2\/posts\/9912\/revisions\/10143"}],"wp:featuredmedia":[{"embeddable":true,"href":"https:\/\/progroupe.net\/sk\/wp-json\/wp\/v2\/media\/9886"}],"wp:attachment":[{"href":"https:\/\/progroupe.net\/sk\/wp-json\/wp\/v2\/media?parent=9912"}],"wp:term":[{"taxonomy":"category","embeddable":true,"href":"https:\/\/progroupe.net\/sk\/wp-json\/wp\/v2\/categories?post=9912"},{"taxonomy":"post_tag","embeddable":true,"href":"https:\/\/progroupe.net\/sk\/wp-json\/wp\/v2\/tags?post=9912"}],"curies":[{"name":"wp","href":"https:\/\/api.w.org\/{rel}","templated":true}]}}